{"id":36989,"date":"2025-03-19T13:13:40","date_gmt":"2025-03-19T12:13:40","guid":{"rendered":"https:\/\/schloss-schrattenthal.at\/?p=36989"},"modified":"2026-04-10T10:40:18","modified_gmt":"2026-04-10T08:40:18","slug":"kerzenlichtkonzert-mit-rainer-kuechl","status":"publish","type":"post","link":"https:\/\/schloss-schrattenthal.at\/cs\/kerzenlichtkonzert-mit-rainer-kuechl\/","title":{"rendered":"Koncert p\u0159i sv\u00ed\u010dk\u00e1ch s Rainerem K\u00fcchlem"},"content":{"rendered":"<p>Rainer K\u00fcchl hraje Paganiniho 24 Capricci p\u0159i sv\u00ed\u010dk\u00e1ch.<\/p>\n\n\n\n<p>Na adrese <strong>21. \u010dervna<\/strong> mohou div\u00e1ci o\u010dek\u00e1vat mimo\u0159\u00e1dn\u00fd koncertn\u00ed ve\u010der: <strong>Rainer K\u00fcchl<\/strong> se v\u011bnuje jedn\u00e9 z nejv\u011bt\u0161\u00edch v\u00fdzev houslov\u00e9 hudby - <strong>24 Capricci Niccol\u00f2 Paganiniho<\/strong>. Tato virtu\u00f3zn\u00ed mistrovsk\u00e1 d\u00edla vy\u017eaduj\u00ed <strong>Nejvy\u0161\u0161\u00ed technick\u00e1 p\u0159esnost<\/strong> a <strong>interpreta\u010dn\u00ed hloubka<\/strong> a pat\u0159\u00ed mezi <strong>nejn\u00e1ro\u010dn\u011bj\u0161\u00ed d\u00edla houslov\u00e9 literatury<\/strong>.<\/p>\n\n\n\n<p><strong>Rainer K\u00fcchl<\/strong>, dlouhodob\u011b <strong>Prvn\u00ed koncertn\u00ed mistr V\u00edde\u0148sk\u00fdch filharmonik\u016f<\/strong> a <strong>Primarius K\u00fcchlova kvarteta<\/strong>ji\u017e nadchl publikum jako s\u00f3lista v nejzn\u00e1m\u011bj\u0161\u00edch sv\u011btov\u00fdch koncertn\u00edch s\u00e1lech. Od sv\u00e9ho debutu <strong>2018 na \"Koncertech p\u0159i sv\u00ed\u010dk\u00e1ch\"<\/strong> je vz\u00e1cn\u00fdm hostem t\u00e9to speci\u00e1ln\u00ed koncertn\u00ed s\u00e9rie.<\/p>\n\n\n\n<p>Bufet na n\u00e1dvo\u0159\u00ed hradu.<\/p>","protected":false},"excerpt":{"rendered":"<p>Rainer K\u00fcchl hraje Paganiniho 24 Capricci p\u0159i sv\u00ed\u010dk\u00e1ch. 21. \u010dervna se poslucha\u010di mohou t\u011b\u0161it na mimo\u0159\u00e1dn\u00fd koncertn\u00ed ve\u010der: Rainer K\u00fcchl se ujme jedn\u00e9 z nejv\u011bt\u0161\u00edch v\u00fdzev houslov\u00e9 hudby - 24 Capricci Niccol\u00f2 Paganiniho. Tato virtu\u00f3zn\u00ed mistrovsk\u00e1 d\u00edla vy\u017eaduj\u00ed nejvy\u0161\u0161\u00ed technickou preciznost a interpreta\u010dn\u00ed hloubku a pat\u0159\u00ed k nejn\u00e1ro\u010dn\u011bj\u0161\u00edm skladb\u00e1m houslov\u00e9 literatury. Rainer K\u00fcchl, dlouholet\u00fd klav\u00edrista, kter\u00fd se v\u011bnoval ... <a title=\"Koncert p\u0159i sv\u00ed\u010dk\u00e1ch s Rainerem K\u00fcchlem\" class=\"read-more\" href=\"https:\/\/schloss-schrattenthal.at\/cs\/kerzenlichtkonzert-mit-rainer-kuechl\/\" aria-label=\"\u010c\u00edst v\u00edce o Koncert p\u0159i sv\u00ed\u010dk\u00e1ch s Rainerem K\u00fcchlem\">P\u0159e\u010dt\u011bte si v\u00edce<\/a><\/p>","protected":false},"author":2,"featured_media":36993,"comment_status":"closed","ping_status":"closed","sticky":false,"template":"","format":"standard","meta":{"_acf_changed":false,"footnotes":""},"categories":[8],"tags":[],"class_list":["post-36989","post","type-post","status-publish","format-standard","has-post-thumbnail","hentry","category-blog"],"acf":[],"_links":{"self":[{"href":"https:\/\/schloss-schrattenthal.at\/cs\/wp-json\/wp\/v2\/posts\/36989","targetHints":{"allow":["GET"]}}],"collection":[{"href":"https:\/\/schloss-schrattenthal.at\/cs\/wp-json\/wp\/v2\/posts"}],"about":[{"href":"https:\/\/schloss-schrattenthal.at\/cs\/wp-json\/wp\/v2\/types\/post"}],"author":[{"embeddable":true,"href":"https:\/\/schloss-schrattenthal.at\/cs\/wp-json\/wp\/v2\/users\/2"}],"replies":[{"embeddable":true,"href":"https:\/\/schloss-schrattenthal.at\/cs\/wp-json\/wp\/v2\/comments?post=36989"}],"version-history":[{"count":5,"href":"https:\/\/schloss-schrattenthal.at\/cs\/wp-json\/wp\/v2\/posts\/36989\/revisions"}],"predecessor-version":[{"id":37032,"href":"https:\/\/schloss-schrattenthal.at\/cs\/wp-json\/wp\/v2\/posts\/36989\/revisions\/37032"}],"wp:featuredmedia":[{"embeddable":true,"href":"https:\/\/schloss-schrattenthal.at\/cs\/wp-json\/wp\/v2\/media\/36993"}],"wp:attachment":[{"href":"https:\/\/schloss-schrattenthal.at\/cs\/wp-json\/wp\/v2\/media?parent=36989"}],"wp:term":[{"taxonomy":"category","embeddable":true,"href":"https:\/\/schloss-schrattenthal.at\/cs\/wp-json\/wp\/v2\/categories?post=36989"},{"taxonomy":"post_tag","embeddable":true,"href":"https:\/\/schloss-schrattenthal.at\/cs\/wp-json\/wp\/v2\/tags?post=36989"}],"curies":[{"name":"wp","href":"https:\/\/api.w.org\/{rel}","templated":true}]}}